{"id":22304,"date":"2026-08-31T17:37:08","date_gmt":"2026-08-31T20:37:08","guid":{"rendered":"https:\/\/hayashi.center\/aletron\/?p=22304"},"modified":"2026-08-31T17:37:11","modified_gmt":"2026-08-31T20:37:11","slug":"otimizando-a-qualidade-do-ar-em-cozinhas-profissionais-tecnologia-eletrostatica-e-conformidade-normativa","status":"publish","type":"post","link":"https:\/\/hayashi.center\/aletron\/otimizando-a-qualidade-do-ar-em-cozinhas-profissionais-tecnologia-eletrostatica-e-conformidade-normativa","title":{"rendered":"Otimizando a Qualidade do Ar em Cozinhas Profissionais: Tecnologia Eletrost\u00e1tica e Conformidade Normativa"},"content":{"rendered":"\n<figure class=\"wp-block-image size-full\"><img fetchpriority=\"high\" decoding=\"async\" width=\"992\" height=\"692\" src=\"https:\/\/hayashi.center\/site\/wp-content\/uploads\/2024\/10\/Catalogo-Hayashi-Food-Service-Coifas-e-Sistemas-de-Exaustao-3.webp\" alt=\"\" class=\"wp-image-21614\" srcset=\"https:\/\/hayashi.center\/aletron\/wp-content\/uploads\/2024\/10\/Catalogo-Hayashi-Food-Service-Coifas-e-Sistemas-de-Exaustao-3.webp 992w, https:\/\/hayashi.center\/aletron\/wp-content\/uploads\/2024\/10\/Catalogo-Hayashi-Food-Service-Coifas-e-Sistemas-de-Exaustao-3-300x209.webp 300w, https:\/\/hayashi.center\/aletron\/wp-content\/uploads\/2024\/10\/Catalogo-Hayashi-Food-Service-Coifas-e-Sistemas-de-Exaustao-3-768x536.webp 768w, https:\/\/hayashi.center\/aletron\/wp-content\/uploads\/2024\/10\/Catalogo-Hayashi-Food-Service-Coifas-e-Sistemas-de-Exaustao-3-24x17.webp 24w, https:\/\/hayashi.center\/aletron\/wp-content\/uploads\/2024\/10\/Catalogo-Hayashi-Food-Service-Coifas-e-Sistemas-de-Exaustao-3-36x25.webp 36w, https:\/\/hayashi.center\/aletron\/wp-content\/uploads\/2024\/10\/Catalogo-Hayashi-Food-Service-Coifas-e-Sistemas-de-Exaustao-3-48x33.webp 48w\" sizes=\"(max-width: 992px) 100vw, 992px\" \/><\/figure>\n\n\n\n<p class=\"wp-block-paragraph\">A gest\u00e3o da qualidade do ar em cozinhas comerciais e industriais \u00e9 um pilar fundamental para o sucesso operacional e a seguran\u00e7a de qualquer estabelecimento. Com a evolu\u00e7\u00e3o constante das demandas por ambientes mais limpos e seguros, a ado\u00e7\u00e3o de tecnologias avan\u00e7adas tornou-se indispens\u00e1vel. O sistema de insuflamento convencional e o uso de m\u00f3dulos ionizadores com c\u00e9lulas eletrost\u00e1ticas representam hoje o estado da arte na purifica\u00e7\u00e3o do ar e na conformidade com as exig\u00eancias t\u00e9cnicas vigentes.<\/p>\n\n\n\n<h2 id=\"modulo-de-compensacao-de-ar\" class=\"wp-block-heading has-text-align-left\">M\u00f3dulo de Compensa\u00e7\u00e3o de Ar<\/h2>\n\n\n\n<div class=\"wp-block-columns is-layout-flex wp-container-core-columns-is-layout-8f761849 wp-block-columns-is-layout-flex\">\n<div class=\"wp-block-column is-layout-flow wp-block-column-is-layout-flow\">\n<figure class=\"wp-block-image size-full\"><img decoding=\"async\" src=\"https:\/\/hayashi.center\/site\/wp-content\/uploads\/2022\/12\/Sistema-de-insuflacao-gif-blog-1.gif\" alt=\"\" class=\"wp-image-5770\"\/><\/figure>\n<\/div>\n\n\n\n<div class=\"wp-block-column is-layout-flow wp-block-column-is-layout-flow\">\n<p class=\"wp-block-paragraph\">O M\u00f3dulo de Compensa\u00e7\u00e3o de Ar&nbsp;\u00e9 um equipamento que pode ser acoplado aos nossos captores ir\u00e1 captar o ar externo, trata-lo e injeta-lo atrav\u00e9s de uma cortina perimetral nas bordas do m\u00f3dulo insuflador, de forma a confinar o fluxo de fuma\u00e7a e aumentar a efici\u00eancia do sistema de exaust\u00e3o.<\/p>\n<\/div>\n<\/div>\n\n\n\n<div class=\"wp-block-columns is-layout-flex wp-container-core-columns-is-layout-8f761849 wp-block-columns-is-layout-flex\">\n<div class=\"wp-block-column is-layout-flow wp-block-column-is-layout-flow\">\n<figure class=\"wp-block-image size-large\"><img decoding=\"async\" src=\"https:\/\/hayashi.center\/site\/wp-content\/uploads\/2026\/08\/Coifa-ilhaModulos-de-Insuflacao-Hayashi-1200x1200px-edited.jpg\" alt=\"\" class=\"wp-image-23211\"\/><\/figure>\n<\/div>\n\n\n\n<div class=\"wp-block-column is-layout-flow wp-block-column-is-layout-flow\">\n<figure class=\"wp-block-image size-large\"><img decoding=\"async\" src=\"https:\/\/hayashi.center\/site\/wp-content\/uploads\/2023\/06\/Modulo-de-Insuflacao-de-Ar-Convencional-infografico.png\" alt=\"\" class=\"wp-image-18630\"\/><\/figure>\n<\/div>\n<\/div>\n\n\n\n<p class=\"wp-block-paragraph\">Em um sistema de exaust\u00e3o e ventila\u00e7\u00e3o \u00e9 muito importante a reposi\u00e7\u00e3o do ar exaurido.<\/p>\n\n\n\n<h2 id=\"inovacao-com-tecnologia-hayashi-o-diferencial-eletrostatico\" class=\"wp-block-heading\"><strong>Inova\u00e7\u00e3o com Tecnologia Hayashi: O Diferencial Eletrost\u00e1tico<\/strong><\/h2>\n\n\n\n<div class=\"wp-block-columns is-layout-flex wp-container-core-columns-is-layout-8f761849 wp-block-columns-is-layout-flex\">\n<div class=\"wp-block-column is-layout-flow wp-block-column-is-layout-flow\"><div class=\"wp-block-image\">\n<figure class=\"aligncenter size-medium\"><img decoding=\"async\" src=\"https:\/\/hayashi.center\/site\/wp-content\/uploads\/2026\/08\/image-300x266.webp\" alt=\"Tecnologia Hayashi de Compensa\u00e7\u00e3o e Insufa\u00e7\u00e3o\" class=\"wp-image-23210\"\/><\/figure>\n<\/div><\/div>\n\n\n\n<div class=\"wp-block-column is-layout-flow wp-block-column-is-layout-flow\">\n<figure class=\"wp-block-image size-medium\"><img decoding=\"async\" src=\"https:\/\/hayashi.center\/site\/wp-content\/uploads\/2026\/05\/Laminas-do-Filtro-Eletrostatico-236x300.webp\" alt=\"\" class=\"wp-image-22846\"\/><\/figure>\n<\/div>\n<\/div>\n\n\n\n<p class=\"wp-block-paragraph\">A Tecnologia Hayashi estabeleceu um novo patamar para sistemas de compensa\u00e7\u00e3o e insufla\u00e7\u00e3o. A grande inova\u00e7\u00e3o reside na integra\u00e7\u00e3o de m\u00f3dulos ionizadores equipados com c\u00e9lulas eletrost\u00e1ticas, que atuam de forma altamente eficiente na elimina\u00e7\u00e3o de odores desagrad\u00e1veis e na captura de part\u00edculas suspensas no ar.<\/p>\n\n\n\n<p class=\"wp-block-paragraph\">Ao contr\u00e1rio dos sistemas puramente convencionais, os m\u00f3dulos com c\u00e9lulas eletrost\u00e1ticas oferecem uma alternativa avan\u00e7ada para a purifica\u00e7\u00e3o do ar, sendo ideais para ambientes que demandam uma performance superior na remo\u00e7\u00e3o de contaminantes.<\/p>\n\n\n\n<p class=\"wp-block-paragraph\"><strong>Flexibilidade e Efici\u00eancia no Design dos Sistemas<\/strong><\/p>\n\n\n\n<div class=\"wp-block-columns is-layout-flex wp-container-core-columns-is-layout-8f761849 wp-block-columns-is-layout-flex\">\n<div class=\"wp-block-column is-layout-flow wp-block-column-is-layout-flow\">\n<figure class=\"wp-block-image size-full\"><img decoding=\"async\" src=\"https:\/\/hayashi.center\/site\/wp-content\/uploads\/2024\/01\/Modulo-de-Compensacao-de-Ar-Convencional.webp\" alt=\"\" class=\"wp-image-20844\"\/><figcaption class=\"wp-element-caption\">M\u00f3dulo de insufla\u00e7\u00e3o convencional<\/figcaption><\/figure>\n<\/div>\n\n\n\n<div class=\"wp-block-column is-layout-flow wp-block-column-is-layout-flow\">\n<figure class=\"wp-block-image size-full\"><img decoding=\"async\" src=\"https:\/\/hayashi.center\/site\/wp-content\/uploads\/2024\/01\/Modulo-de-insuflacao-ionizador.webp\" alt=\"\" class=\"wp-image-20845\"\/><figcaption class=\"wp-element-caption\">M\u00f3dulo de insufla\u00e7\u00e3o com Filtro Eletrost\u00e1tico<\/figcaption><\/figure>\n<\/div>\n\n\n\n<div class=\"wp-block-column is-layout-flow wp-block-column-is-layout-flow\">\n<figure class=\"wp-block-image size-full\"><img decoding=\"async\" src=\"https:\/\/hayashi.center\/site\/wp-content\/uploads\/2026\/08\/image-1.webp\" alt=\"\" class=\"wp-image-23212\"\/><figcaption class=\"wp-element-caption\">Flexibilidade de instala\u00e7\u00e3o<\/figcaption><\/figure>\n<\/div>\n<\/div>\n\n\n\n<div class=\"wp-block-columns is-layout-flex wp-container-core-columns-is-layout-8f761849 wp-block-columns-is-layout-flex\">\n<div class=\"wp-block-column is-layout-flow wp-block-column-is-layout-flow\">\n<figure class=\"wp-block-image size-full\"><img decoding=\"async\" src=\"https:\/\/hayashi.center\/site\/wp-content\/uploads\/2026\/08\/Modulo-de-insuflacao-com-ionizador-corte-1.webp\" alt=\"\" class=\"wp-image-23214\"\/><\/figure>\n<\/div>\n\n\n\n<div class=\"wp-block-column is-layout-flow wp-block-column-is-layout-flow\">\n<figure class=\"wp-block-image size-full\"><img decoding=\"async\" src=\"https:\/\/hayashi.center\/site\/wp-content\/uploads\/2026\/08\/Modulo-de-insuflacao-com-ionizador-corte-2.webp\" alt=\"\" class=\"wp-image-23215\"\/><\/figure>\n<\/div>\n<\/div>\n\n\n\n<p class=\"wp-block-paragraph\">Os sistemas modernos s\u00e3o compostos por uma estrutura modular que se adapta \u00e0s necessidades espec\u00edficas de cada cozinha profissional. Entre os principais componentes e arranjos destacados, podemos citar:<\/p>\n\n\n\n<ul class=\"wp-block-list\">\n<li><strong>M\u00f3dulos de Insuflamento e Compensa\u00e7\u00e3o:<\/strong> Essenciais para equilibrar a press\u00e3o do ambiente, garantindo que a exaust\u00e3o funcione corretamente sem causar desconforto t\u00e9rmico.<\/li>\n\n\n\n<li><strong>Captadores Eletrost\u00e1ticos:<\/strong> Diferentes dos modelos convencionais, os captores eletrost\u00e1ticos funcionam como modelos multifuncionais que permitem a sa\u00edda de vapores de ar j\u00e1 tratado.<\/li>\n\n\n\n<li><strong>Integra\u00e7\u00e3o com Sistemas de Prote\u00e7\u00e3o:<\/strong> Como item opcional, \u00e9 poss\u00edvel integrar sistemas de prote\u00e7\u00e3o contra inc\u00eandio, incluindo bot\u00f5es de acionamento manual e cilindros com g\u00e1s saponificante classe K, aumentando significativamente a seguran\u00e7a do bloco de coc\u00e7\u00e3o.<\/li>\n\n\n\n<li><strong>Filtros Prim\u00e1rios e Lavagem:<\/strong> O sistema conta com filtros prim\u00e1rios e m\u00f3dulos de lavagem integrados, como a coifa lavadora, que facilitam a manuten\u00e7\u00e3o e garantem a longevidade dos equipamentos.<\/li>\n<\/ul>\n\n\n\n<h3 id=\"exemplos-de-locais-e-equipamentos-onde-o-sistema-eletrostatico-sistema-de-compensacao-de-ar-exaustao-insuflacao-podera-ser-utilizado-em-fogoes-em-geral\" class=\"wp-block-heading\">Exemplos de locais e equipamentos onde o sistema eletrost\u00e1tico + sistema de compensa\u00e7\u00e3o de ar, exaust\u00e3o + insufla\u00e7\u00e3o, poder\u00e1 ser utilizado em fog\u00f5es em geral<\/h3>\n\n\n\n<figure class=\"wp-block-gallery has-nested-images columns-4 is-cropped wp-block-gallery-2 is-layout-flex wp-block-gallery-is-layout-flex\">\n<figure class=\"wp-block-image size-medium\"><img decoding=\"async\" width=\"300\" height=\"169\" data-id=\"21655\" src=\"https:\/\/hayashi.center\/site\/wp-content\/uploads\/2024\/10\/Chapa-de-hamburguer-300x169.webp\" alt=\"Exaust\u00e3o com Tecnologia Hayashi para Chpas de Hamb\u00farguer\" class=\"wp-image-21655\" srcset=\"https:\/\/hayashi.center\/aletron\/wp-content\/uploads\/2024\/10\/Chapa-de-hamburguer-300x169.webp 300w, https:\/\/hayashi.center\/aletron\/wp-content\/uploads\/2024\/10\/Chapa-de-hamburguer-1024x576.webp 1024w, https:\/\/hayashi.center\/aletron\/wp-content\/uploads\/2024\/10\/Chapa-de-hamburguer-768x432.webp 768w, https:\/\/hayashi.center\/aletron\/wp-content\/uploads\/2024\/10\/Chapa-de-hamburguer-1536x864.webp 1536w, https:\/\/hayashi.center\/aletron\/wp-content\/uploads\/2024\/10\/Chapa-de-hamburguer-800x450.webp 800w, https:\/\/hayashi.center\/aletron\/wp-content\/uploads\/2024\/10\/Chapa-de-hamburguer-24x14.webp 24w, https:\/\/hayashi.center\/aletron\/wp-content\/uploads\/2024\/10\/Chapa-de-hamburguer-36x20.webp 36w, https:\/\/hayashi.center\/aletron\/wp-content\/uploads\/2024\/10\/Chapa-de-hamburguer-48x27.webp 48w, https:\/\/hayashi.center\/aletron\/wp-content\/uploads\/2024\/10\/Chapa-de-hamburguer.webp 1920w\" sizes=\"(max-width: 300px) 100vw, 300px\" \/><figcaption class=\"wp-element-caption\">CHAPAS<\/figcaption><\/figure>\n\n\n\n<figure class=\"wp-block-image size-medium\"><img decoding=\"async\" width=\"300\" height=\"183\" data-id=\"21659\" src=\"https:\/\/hayashi.center\/site\/wp-content\/uploads\/2024\/10\/fritadeira-300x183.webp\" alt=\"\" class=\"wp-image-21659\" srcset=\"https:\/\/hayashi.center\/aletron\/wp-content\/uploads\/2024\/10\/fritadeira-300x183.webp 300w, https:\/\/hayashi.center\/aletron\/wp-content\/uploads\/2024\/10\/fritadeira-24x15.webp 24w, https:\/\/hayashi.center\/aletron\/wp-content\/uploads\/2024\/10\/fritadeira-36x22.webp 36w, https:\/\/hayashi.center\/aletron\/wp-content\/uploads\/2024\/10\/fritadeira-48x29.webp 48w, https:\/\/hayashi.center\/aletron\/wp-content\/uploads\/2024\/10\/fritadeira.webp 626w\" sizes=\"(max-width: 300px) 100vw, 300px\" \/><figcaption class=\"wp-element-caption\">FRITADEIRA<\/figcaption><\/figure>\n\n\n\n<figure class=\"wp-block-image size-medium\"><img loading=\"lazy\" decoding=\"async\" width=\"300\" height=\"300\" data-id=\"21661\" src=\"https:\/\/hayashi.center\/site\/wp-content\/uploads\/2024\/10\/Charbroil-300x300.webp\" alt=\"\" class=\"wp-image-21661\" srcset=\"https:\/\/hayashi.center\/aletron\/wp-content\/uploads\/2024\/10\/Charbroil-300x300.webp 300w, https:\/\/hayashi.center\/aletron\/wp-content\/uploads\/2024\/10\/Charbroil-150x150.webp 150w, https:\/\/hayashi.center\/aletron\/wp-content\/uploads\/2024\/10\/Charbroil-768x768.webp 768w, https:\/\/hayashi.center\/aletron\/wp-content\/uploads\/2024\/10\/Charbroil-600x600.webp 600w, https:\/\/hayashi.center\/aletron\/wp-content\/uploads\/2024\/10\/Charbroil-75x75.webp 75w, https:\/\/hayashi.center\/aletron\/wp-content\/uploads\/2024\/10\/Charbroil-24x24.webp 24w, https:\/\/hayashi.center\/aletron\/wp-content\/uploads\/2024\/10\/Charbroil-36x36.webp 36w, https:\/\/hayashi.center\/aletron\/wp-content\/uploads\/2024\/10\/Charbroil-48x48.webp 48w, https:\/\/hayashi.center\/aletron\/wp-content\/uploads\/2024\/10\/Charbroil.webp 800w\" sizes=\"(max-width: 300px) 100vw, 300px\" \/><figcaption class=\"wp-element-caption\">CHARBROIL<\/figcaption><\/figure>\n\n\n\n<figure class=\"wp-block-image size-medium\"><img loading=\"lazy\" decoding=\"async\" width=\"300\" height=\"159\" data-id=\"21665\" src=\"https:\/\/hayashi.center\/site\/wp-content\/uploads\/2024\/10\/sanduicheira-300x159.webp\" alt=\"\" class=\"wp-image-21665\" srcset=\"https:\/\/hayashi.center\/aletron\/wp-content\/uploads\/2024\/10\/sanduicheira-300x159.webp 300w, https:\/\/hayashi.center\/aletron\/wp-content\/uploads\/2024\/10\/sanduicheira-1024x543.webp 1024w, https:\/\/hayashi.center\/aletron\/wp-content\/uploads\/2024\/10\/sanduicheira-768x407.webp 768w, https:\/\/hayashi.center\/aletron\/wp-content\/uploads\/2024\/10\/sanduicheira-24x13.webp 24w, https:\/\/hayashi.center\/aletron\/wp-content\/uploads\/2024\/10\/sanduicheira-36x19.webp 36w, https:\/\/hayashi.center\/aletron\/wp-content\/uploads\/2024\/10\/sanduicheira-48x25.webp 48w, https:\/\/hayashi.center\/aletron\/wp-content\/uploads\/2024\/10\/sanduicheira.webp 1167w\" sizes=\"(max-width: 300px) 100vw, 300px\" \/><figcaption class=\"wp-element-caption\">SANDUICHEIRAS<\/figcaption><\/figure>\n\n\n\n<figure class=\"wp-block-image size-medium\"><img decoding=\"async\" data-id=\"18420\" src=\"https:\/\/hayashi.center\/site\/wp-content\/uploads\/2023\/06\/Franquia-10-Pasteis-300x300.webp\" alt=\"\" class=\"wp-image-18420\"\/><figcaption class=\"wp-element-caption\">FRANQUIAS DE ALIMENTA\u00c7\u00c3O<\/figcaption><\/figure>\n\n\n\n<figure class=\"wp-block-image size-medium\"><img decoding=\"async\" data-id=\"18421\" src=\"https:\/\/hayashi.center\/site\/wp-content\/uploads\/2023\/06\/Franquia-Sao-Coxinha-300x300.webp\" alt=\"\" class=\"wp-image-18421\"\/><figcaption class=\"wp-element-caption\">LOJAS DE CONVENI\u00caNCIA<\/figcaption><\/figure>\n\n\n\n<figure class=\"wp-block-image size-medium\"><img decoding=\"async\" data-id=\"18423\" src=\"https:\/\/hayashi.center\/site\/wp-content\/uploads\/2023\/06\/Rede-Graal-300x300.webp\" alt=\"\" class=\"wp-image-18423\"\/><figcaption class=\"wp-element-caption\">RESTAURANTES<\/figcaption><\/figure>\n\n\n\n<figure class=\"wp-block-image size-medium\"><img decoding=\"async\" data-id=\"18401\" src=\"https:\/\/hayashi.center\/site\/wp-content\/uploads\/2023\/06\/Quiosques-Cinemark-300x300.webp\" alt=\"Quiosques Cinemark\" class=\"wp-image-18401\"\/><figcaption class=\"wp-element-caption\">QUIOSQUES<\/figcaption><\/figure>\n\n\n\n<figure class=\"wp-block-image size-medium\"><img decoding=\"async\" data-id=\"5525\" src=\"https:\/\/hayashi.center\/site\/wp-content\/uploads\/2022\/11\/Dark-Kitechens-Food-Delivery-quadrado-300x300.jpg\" alt=\"\u201cdark kitchens\u201d, tamb\u00e9m chamadas de \u201ccloud kitchens\u201d ou \u201cghost kitchens\u201d\" class=\"wp-image-5525\"\/><figcaption class=\"wp-element-caption\">RESTAURANTES DELIVERY<\/figcaption><\/figure>\n\n\n\n<figure class=\"wp-block-image size-medium\"><img decoding=\"async\" data-id=\"4090\" src=\"https:\/\/hayashi.center\/site\/wp-content\/uploads\/2022\/05\/Churrasco-Parrilla-300x200.jpg\" alt=\"\" class=\"wp-image-4090\"\/><figcaption class=\"wp-element-caption\">CHURRASCARIAS<\/figcaption><\/figure>\n\n\n\n<figure class=\"wp-block-image size-medium\"><img decoding=\"async\" data-id=\"3650\" src=\"https:\/\/hayashi.center\/site\/wp-content\/uploads\/2022\/02\/Filtros-Eletrostaticos-de-Ar-para-Food-Service-Aletron-thumbs-300x300.jpg\" alt=\"\" class=\"wp-image-3650\"\/><figcaption class=\"wp-element-caption\">PRA\u00c7AS DE ALIMENTA\u00c7\u00c3O<\/figcaption><\/figure>\n\n\n\n<figure class=\"wp-block-image size-medium\"><img decoding=\"async\" data-id=\"1730\" src=\"https:\/\/hayashi.center\/site\/wp-content\/uploads\/2021\/04\/Food-truck-quadrado-600px-300x300.jpg\" alt=\"\" class=\"wp-image-1730\"\/><figcaption class=\"wp-element-caption\">FOOD TRUCK<\/figcaption><\/figure>\n<\/figure>\n\n\n\n<div class=\"wp-block-group\"><div class=\"wp-block-group__inner-container is-layout-constrained wp-block-group-is-layout-constrained\">\n<p class=\"wp-block-paragraph\"><strong>A Import\u00e2ncia da Conformidade com a ABNT NBR 14518<\/strong><\/p>\n\n\n<div class=\"wp-block-image\">\n<figure class=\"alignleft size-medium\"><img decoding=\"async\" src=\"https:\/\/hayashi.center\/site\/wp-content\/uploads\/2025\/06\/ABNT-300x167.webp\" alt=\"\" class=\"wp-image-22284\"\/><\/figure>\n<\/div>\n\n\n<p class=\"wp-block-paragraph\">Para garantir a seguran\u00e7a contra inc\u00eandios e a efici\u00eancia na exaust\u00e3o de gases e vapores, a ades\u00e3o \u00e0 norma ABNT NBR 14518-2019 \u00e9 mandat\u00f3ria. Esta regulamenta\u00e7\u00e3o orienta o projeto, instala\u00e7\u00e3o, opera\u00e7\u00e3o e manuten\u00e7\u00e3o dos sistemas de ventila\u00e7\u00e3o, sendo essencial para prevenir riscos em ambientes onde o calor e o \u00f3leo s\u00e3o constantes. A utiliza\u00e7\u00e3o de solu\u00e7\u00f5es tecnol\u00f3gicas alinhadas a esta norma n\u00e3o apenas garante a legalidade do estabelecimento, mas tamb\u00e9m protege os ocupantes e o patrim\u00f4nio.<\/p>\n<\/div><\/div>\n\n\n\n<div class=\"wp-block-group\"><div class=\"wp-block-group__inner-container is-layout-constrained wp-block-group-is-layout-constrained\">\n<p class=\"wp-block-paragraph\"><strong>Conclus\u00e3o<\/strong><\/p>\n\n\n\n<p class=\"wp-block-paragraph\">A transi\u00e7\u00e3o de sistemas de exaust\u00e3o b\u00e1sicos para unidades que integram tecnologia eletrost\u00e1tica e conformidade normativa \u00e9 um investimento estrat\u00e9gico para o setor de alimenta\u00e7\u00e3o. A Tecnologia Hayashi, atrav\u00e9s de seus m\u00f3dulos ionizadores e sistemas de compensa\u00e7\u00e3o, proporciona n\u00e3o apenas um ambiente de trabalho mais saud\u00e1vel, livre de odores e poluentes, mas tamb\u00e9m oferece a robustez necess\u00e1ria para a opera\u00e7\u00e3o cont\u00ednua de cozinhas industriais. Priorizar equipamentos que atendam integralmente \u00e0 ABNT NBR 14518-2019 \u00e9 o caminho mais seguro para garantir a sustentabilidade e a efici\u00eancia do seu neg\u00f3cio.<\/p>\n<\/div><\/div>\n","protected":false},"excerpt":{"rendered":"<p>A gest\u00e3o da qualidade do ar em cozinhas comerciais e industriais \u00e9 um pilar fundamental para o sucesso operacional e a seguran\u00e7a de qualquer estabelecimento. Com a evolu\u00e7\u00e3o constante das demandas por ambientes mais limpos e seguros, a ado\u00e7\u00e3o de tecnologias avan\u00e7adas tornou-se indispens\u00e1vel. O sistema de insuflamento convencional e o uso de m\u00f3dulos ionizadores [&hellip;]<\/p>\n","protected":false},"author":9,"featured_media":22305,"comment_status":"closed","ping_status":"open","sticky":false,"template":"","format":"standard","meta":{"_acf_changed":false,"_uag_custom_page_level_css":"","ocean_front_end_style_editor":"no","ocean_post_layout":"","ocean_both_sidebars_style":"","ocean_both_sidebars_content_width":0,"ocean_both_sidebars_sidebars_width":0,"ocean_sidebar":"","ocean_second_sidebar":"","ocean_disable_margins":"enable","ocean_add_body_class":"","ocean_shortcode_before_top_bar":"","ocean_shortcode_after_top_bar":"","ocean_shortcode_before_header":"","ocean_shortcode_after_header":"","ocean_has_shortcode":"","ocean_shortcode_after_title":"","ocean_shortcode_before_footer_widgets":"","ocean_shortcode_after_footer_widgets":"","ocean_shortcode_before_footer_bottom":"","ocean_shortcode_after_footer_bottom":"","ocean_display_top_bar":"default","ocean_display_header":"default","ocean_header_style":"","ocean_center_header_left_menu":"","ocean_custom_header_template":"","ocean_custom_logo":0,"ocean_custom_retina_logo":0,"ocean_custom_logo_max_width":0,"ocean_custom_logo_tablet_max_width":0,"ocean_custom_logo_mobile_max_width":0,"ocean_custom_logo_max_height":0,"ocean_custom_logo_tablet_max_height":0,"ocean_custom_logo_mobile_max_height":0,"ocean_header_custom_menu":"","ocean_menu_typo_font_family":"","ocean_menu_typo_font_subset":"","ocean_menu_typo_font_size":0,"ocean_menu_typo_font_size_tablet":0,"ocean_menu_typo_font_size_mobile":0,"ocean_menu_typo_font_size_unit":"px","ocean_menu_typo_font_weight":"","ocean_menu_typo_font_weight_tablet":"","ocean_menu_typo_font_weight_mobile":"","ocean_menu_typo_transform":"","ocean_menu_typo_transform_tablet":"","ocean_menu_typo_transform_mobile":"","ocean_menu_typo_line_height":0,"ocean_menu_typo_line_height_tablet":0,"ocean_menu_typo_line_height_mobile":0,"ocean_menu_typo_line_height_unit":"","ocean_menu_typo_spacing":0,"ocean_menu_typo_spacing_tablet":0,"ocean_menu_typo_spacing_mobile":0,"ocean_menu_typo_spacing_unit":"","ocean_menu_link_color":"","ocean_menu_link_color_hover":"","ocean_menu_link_color_active":"","ocean_menu_link_background":"","ocean_menu_link_hover_background":"","ocean_menu_link_active_background":"","ocean_menu_social_links_bg":"","ocean_menu_social_hover_links_bg":"","ocean_menu_social_links_color":"","ocean_menu_social_hover_links_color":"","ocean_disable_title":"default","ocean_disable_heading":"default","ocean_post_title":"","ocean_post_subheading":"","ocean_post_title_style":"","ocean_post_title_background_color":"","ocean_post_title_background":0,"ocean_post_title_bg_image_position":"","ocean_post_title_bg_image_attachment":"","ocean_post_title_bg_image_repeat":"","ocean_post_title_bg_image_size":"","ocean_post_title_height":0,"ocean_post_title_bg_overlay":0.5,"ocean_post_title_bg_overlay_color":"","ocean_disable_breadcrumbs":"default","ocean_breadcrumbs_color":"","ocean_breadcrumbs_separator_color":"","ocean_breadcrumbs_links_color":"","ocean_breadcrumbs_links_hover_color":"","ocean_display_footer_widgets":"default","ocean_display_footer_bottom":"default","ocean_custom_footer_template":"","_glsr_average":0,"_glsr_ranking":0,"_glsr_reviews":0,"ocean_post_oembed":"","ocean_post_self_hosted_media":"","ocean_post_video_embed":"","ocean_link_format":"","ocean_link_format_target":"self","ocean_quote_format":"","ocean_quote_format_link":"post","ocean_gallery_link_images":"on","ocean_gallery_id":[],"footnotes":""},"categories":[132,169],"tags":[],"class_list":["post-22304","post","type-post","status-publish","format-standard","has-post-thumbnail","hentry","category-cozinha-profissional","category-food-service","entry","has-media"],"acf":[],"yoast_head":"<!-- This site is optimized with the Yoast SEO plugin v28.4 - https:\/\/yoast.com\/product\/yoast-seo-wordpress\/ -->\n<title>Otimizando a Qualidade do Ar em Cozinhas Profissionais: Tecnologia Eletrost\u00e1tica e Conformidade Normativa | Aletron<\/title>\n<meta name=\"robots\" content=\"index, follow, max-snippet:-1, max-image-preview:large, max-video-preview:-1\" \/>\n<link rel=\"canonical\" href=\"https:\/\/hayashi.center\/aletron\/otimizando-a-qualidade-do-ar-em-cozinhas-profissionais-tecnologia-eletrostatica-e-conformidade-normativa\" \/>\n<meta property=\"og:locale\" content=\"pt_BR\" \/>\n<meta property=\"og:type\" content=\"article\" \/>\n<meta property=\"og:title\" content=\"Otimizando a Qualidade do Ar em Cozinhas Profissionais: Tecnologia Eletrost\u00e1tica e Conformidade Normativa | Aletron\" \/>\n<meta property=\"og:description\" content=\"A gest\u00e3o da qualidade do ar em cozinhas comerciais e industriais \u00e9 um pilar fundamental para o sucesso operacional e a seguran\u00e7a de qualquer estabelecimento. Com a evolu\u00e7\u00e3o constante das demandas por ambientes mais limpos e seguros, a ado\u00e7\u00e3o de tecnologias avan\u00e7adas tornou-se indispens\u00e1vel. O sistema de insuflamento convencional e o uso de m\u00f3dulos ionizadores [&hellip;]\" \/>\n<meta property=\"og:url\" content=\"https:\/\/hayashi.center\/aletron\/otimizando-a-qualidade-do-ar-em-cozinhas-profissionais-tecnologia-eletrostatica-e-conformidade-normativa\" \/>\n<meta property=\"og:site_name\" content=\"Aletron\" \/>\n<meta property=\"article:publisher\" content=\"https:\/\/www.facebook.com\/arwekcoifas\" \/>\n<meta property=\"article:published_time\" content=\"2026-08-31T20:37:08+00:00\" \/>\n<meta property=\"article:modified_time\" content=\"2026-08-31T20:37:11+00:00\" \/>\n<meta property=\"og:image\" content=\"https:\/\/hayashi.center\/aletron\/wp-content\/uploads\/2026\/08\/Grupo-de-chefs-de-cozinha.webp\" \/>\n\t<meta property=\"og:image:width\" content=\"992\" \/>\n\t<meta property=\"og:image:height\" content=\"692\" \/>\n\t<meta property=\"og:image:type\" content=\"image\/webp\" \/>\n<meta name=\"author\" content=\"Marcos Gabler\" \/>\n<meta name=\"twitter:card\" content=\"summary_large_image\" \/>\n<meta name=\"twitter:label1\" content=\"Escrito por\" \/>\n\t<meta name=\"twitter:data1\" content=\"Marcos Gabler\" \/>\n\t<meta name=\"twitter:label2\" content=\"Est. tempo de leitura\" \/>\n\t<meta name=\"twitter:data2\" content=\"9 minutos\" \/>\n<script type=\"application\/ld+json\" class=\"yoast-schema-graph\">{\"@context\":\"https:\\\/\\\/schema.org\",\"@graph\":[{\"@type\":\"Article\",\"@id\":\"https:\\\/\\\/hayashi.center\\\/aletron\\\/otimizando-a-qualidade-do-ar-em-cozinhas-profissionais-tecnologia-eletrostatica-e-conformidade-normativa#article\",\"isPartOf\":{\"@id\":\"https:\\\/\\\/hayashi.center\\\/aletron\\\/otimizando-a-qualidade-do-ar-em-cozinhas-profissionais-tecnologia-eletrostatica-e-conformidade-normativa\"},\"author\":{\"name\":\"Marcos Gabler\",\"@id\":\"https:\\\/\\\/hayashi.center\\\/aletron\\\/#\\\/schema\\\/person\\\/92acbaa22052f80a08f1082c3d9f1f62\"},\"headline\":\"Otimizando a Qualidade do Ar em Cozinhas Profissionais: Tecnologia Eletrost\u00e1tica e Conformidade Normativa\",\"datePublished\":\"2026-08-31T20:37:08+00:00\",\"dateModified\":\"2026-08-31T20:37:11+00:00\",\"mainEntityOfPage\":{\"@id\":\"https:\\\/\\\/hayashi.center\\\/aletron\\\/otimizando-a-qualidade-do-ar-em-cozinhas-profissionais-tecnologia-eletrostatica-e-conformidade-normativa\"},\"wordCount\":730,\"publisher\":{\"@id\":\"https:\\\/\\\/hayashi.center\\\/aletron\\\/#organization\"},\"image\":{\"@id\":\"https:\\\/\\\/hayashi.center\\\/aletron\\\/otimizando-a-qualidade-do-ar-em-cozinhas-profissionais-tecnologia-eletrostatica-e-conformidade-normativa#primaryimage\"},\"thumbnailUrl\":\"https:\\\/\\\/hayashi.center\\\/aletron\\\/wp-content\\\/uploads\\\/2026\\\/08\\\/Grupo-de-chefs-de-cozinha.webp\",\"articleSection\":[\"Cozinha Profissional\",\"Food Service\"],\"inLanguage\":\"pt-BR\"},{\"@type\":\"WebPage\",\"@id\":\"https:\\\/\\\/hayashi.center\\\/aletron\\\/otimizando-a-qualidade-do-ar-em-cozinhas-profissionais-tecnologia-eletrostatica-e-conformidade-normativa\",\"url\":\"https:\\\/\\\/hayashi.center\\\/aletron\\\/otimizando-a-qualidade-do-ar-em-cozinhas-profissionais-tecnologia-eletrostatica-e-conformidade-normativa\",\"name\":\"Otimizando a Qualidade do Ar em Cozinhas Profissionais: Tecnologia Eletrost\u00e1tica e Conformidade Normativa | Aletron\",\"isPartOf\":{\"@id\":\"https:\\\/\\\/hayashi.center\\\/aletron\\\/#website\"},\"primaryImageOfPage\":{\"@id\":\"https:\\\/\\\/hayashi.center\\\/aletron\\\/otimizando-a-qualidade-do-ar-em-cozinhas-profissionais-tecnologia-eletrostatica-e-conformidade-normativa#primaryimage\"},\"image\":{\"@id\":\"https:\\\/\\\/hayashi.center\\\/aletron\\\/otimizando-a-qualidade-do-ar-em-cozinhas-profissionais-tecnologia-eletrostatica-e-conformidade-normativa#primaryimage\"},\"thumbnailUrl\":\"https:\\\/\\\/hayashi.center\\\/aletron\\\/wp-content\\\/uploads\\\/2026\\\/08\\\/Grupo-de-chefs-de-cozinha.webp\",\"datePublished\":\"2026-08-31T20:37:08+00:00\",\"dateModified\":\"2026-08-31T20:37:11+00:00\",\"breadcrumb\":{\"@id\":\"https:\\\/\\\/hayashi.center\\\/aletron\\\/otimizando-a-qualidade-do-ar-em-cozinhas-profissionais-tecnologia-eletrostatica-e-conformidade-normativa#breadcrumb\"},\"inLanguage\":\"pt-BR\",\"potentialAction\":[{\"@type\":\"ReadAction\",\"target\":[\"https:\\\/\\\/hayashi.center\\\/aletron\\\/otimizando-a-qualidade-do-ar-em-cozinhas-profissionais-tecnologia-eletrostatica-e-conformidade-normativa\"]}]},{\"@type\":\"ImageObject\",\"inLanguage\":\"pt-BR\",\"@id\":\"https:\\\/\\\/hayashi.center\\\/aletron\\\/otimizando-a-qualidade-do-ar-em-cozinhas-profissionais-tecnologia-eletrostatica-e-conformidade-normativa#primaryimage\",\"url\":\"https:\\\/\\\/hayashi.center\\\/aletron\\\/wp-content\\\/uploads\\\/2026\\\/08\\\/Grupo-de-chefs-de-cozinha.webp\",\"contentUrl\":\"https:\\\/\\\/hayashi.center\\\/aletron\\\/wp-content\\\/uploads\\\/2026\\\/08\\\/Grupo-de-chefs-de-cozinha.webp\",\"width\":992,\"height\":692},{\"@type\":\"BreadcrumbList\",\"@id\":\"https:\\\/\\\/hayashi.center\\\/aletron\\\/otimizando-a-qualidade-do-ar-em-cozinhas-profissionais-tecnologia-eletrostatica-e-conformidade-normativa#breadcrumb\",\"itemListElement\":[{\"@type\":\"ListItem\",\"position\":1,\"name\":\"\",\"item\":\"https:\\\/\\\/hayashi.center\\\/aletron\\\/\"},{\"@type\":\"ListItem\",\"position\":2,\"name\":\"Otimizando a Qualidade do Ar em Cozinhas Profissionais: Tecnologia Eletrost\u00e1tica e Conformidade Normativa\"}]},{\"@type\":\"WebSite\",\"@id\":\"https:\\\/\\\/hayashi.center\\\/aletron\\\/#website\",\"url\":\"https:\\\/\\\/hayashi.center\\\/aletron\\\/\",\"name\":\"Aletron\",\"description\":\"Tecnologia de Exaust\u00e3o Climatiza\u00e7\u00e3o\",\"publisher\":{\"@id\":\"https:\\\/\\\/hayashi.center\\\/aletron\\\/#organization\"},\"potentialAction\":[{\"@type\":\"SearchAction\",\"target\":{\"@type\":\"EntryPoint\",\"urlTemplate\":\"https:\\\/\\\/hayashi.center\\\/aletron\\\/?s={search_term_string}\"},\"query-input\":{\"@type\":\"PropertyValueSpecification\",\"valueRequired\":true,\"valueName\":\"search_term_string\"}}],\"inLanguage\":\"pt-BR\"},{\"@type\":\"Organization\",\"@id\":\"https:\\\/\\\/hayashi.center\\\/aletron\\\/#organization\",\"name\":\"ArWek\",\"url\":\"https:\\\/\\\/hayashi.center\\\/aletron\\\/\",\"logo\":{\"@type\":\"ImageObject\",\"inLanguage\":\"pt-BR\",\"@id\":\"https:\\\/\\\/hayashi.center\\\/aletron\\\/#\\\/schema\\\/logo\\\/image\\\/\",\"url\":\"https:\\\/\\\/hayashi.center\\\/aletron\\\/wp-content\\\/uploads\\\/2015\\\/07\\\/logo.png\",\"contentUrl\":\"https:\\\/\\\/hayashi.center\\\/aletron\\\/wp-content\\\/uploads\\\/2015\\\/07\\\/logo.png\",\"width\":314,\"height\":72,\"caption\":\"ArWek\"},\"image\":{\"@id\":\"https:\\\/\\\/hayashi.center\\\/aletron\\\/#\\\/schema\\\/logo\\\/image\\\/\"},\"sameAs\":[\"https:\\\/\\\/www.facebook.com\\\/arwekcoifas\",\"https:\\\/\\\/www.youtube.com\\\/channel\\\/UCWU0Eslcb6nHD2eynnMPIqQ\"]},{\"@type\":\"Person\",\"@id\":\"https:\\\/\\\/hayashi.center\\\/aletron\\\/#\\\/schema\\\/person\\\/92acbaa22052f80a08f1082c3d9f1f62\",\"name\":\"Marcos Gabler\",\"image\":{\"@type\":\"ImageObject\",\"inLanguage\":\"pt-BR\",\"@id\":\"https:\\\/\\\/secure.gravatar.com\\\/avatar\\\/f10277e472d7e45259e221ca114fc75cce177a87ae812524f81db5c062686fc6?s=96&d=mm&r=g\",\"url\":\"https:\\\/\\\/secure.gravatar.com\\\/avatar\\\/f10277e472d7e45259e221ca114fc75cce177a87ae812524f81db5c062686fc6?s=96&d=mm&r=g\",\"contentUrl\":\"https:\\\/\\\/secure.gravatar.com\\\/avatar\\\/f10277e472d7e45259e221ca114fc75cce177a87ae812524f81db5c062686fc6?s=96&d=mm&r=g\",\"caption\":\"Marcos Gabler\"},\"sameAs\":[\"http:\\\/\\\/gabler.com.br\"]}]}<\/script>\n<!-- \/ Yoast SEO plugin. -->","yoast_head_json":{"title":"Otimizando a Qualidade do Ar em Cozinhas Profissionais: Tecnologia Eletrost\u00e1tica e Conformidade Normativa | Aletron","robots":{"index":"index","follow":"follow","max-snippet":"max-snippet:-1","max-image-preview":"max-image-preview:large","max-video-preview":"max-video-preview:-1"},"canonical":"https:\/\/hayashi.center\/aletron\/otimizando-a-qualidade-do-ar-em-cozinhas-profissionais-tecnologia-eletrostatica-e-conformidade-normativa","og_locale":"pt_BR","og_type":"article","og_title":"Otimizando a Qualidade do Ar em Cozinhas Profissionais: Tecnologia Eletrost\u00e1tica e Conformidade Normativa | Aletron","og_description":"A gest\u00e3o da qualidade do ar em cozinhas comerciais e industriais \u00e9 um pilar fundamental para o sucesso operacional e a seguran\u00e7a de qualquer estabelecimento. Com a evolu\u00e7\u00e3o constante das demandas por ambientes mais limpos e seguros, a ado\u00e7\u00e3o de tecnologias avan\u00e7adas tornou-se indispens\u00e1vel. O sistema de insuflamento convencional e o uso de m\u00f3dulos ionizadores [&hellip;]","og_url":"https:\/\/hayashi.center\/aletron\/otimizando-a-qualidade-do-ar-em-cozinhas-profissionais-tecnologia-eletrostatica-e-conformidade-normativa","og_site_name":"Aletron","article_publisher":"https:\/\/www.facebook.com\/arwekcoifas","article_published_time":"2026-08-31T20:37:08+00:00","article_modified_time":"2026-08-31T20:37:11+00:00","og_image":[{"width":992,"height":692,"url":"https:\/\/hayashi.center\/aletron\/wp-content\/uploads\/2026\/08\/Grupo-de-chefs-de-cozinha.webp","type":"image\/webp"}],"author":"Marcos Gabler","twitter_card":"summary_large_image","twitter_misc":{"Escrito por":"Marcos Gabler","Est. tempo de leitura":"9 minutos"},"schema":{"@context":"https:\/\/schema.org","@graph":[{"@type":"Article","@id":"https:\/\/hayashi.center\/aletron\/otimizando-a-qualidade-do-ar-em-cozinhas-profissionais-tecnologia-eletrostatica-e-conformidade-normativa#article","isPartOf":{"@id":"https:\/\/hayashi.center\/aletron\/otimizando-a-qualidade-do-ar-em-cozinhas-profissionais-tecnologia-eletrostatica-e-conformidade-normativa"},"author":{"name":"Marcos Gabler","@id":"https:\/\/hayashi.center\/aletron\/#\/schema\/person\/92acbaa22052f80a08f1082c3d9f1f62"},"headline":"Otimizando a Qualidade do Ar em Cozinhas Profissionais: Tecnologia Eletrost\u00e1tica e Conformidade Normativa","datePublished":"2026-08-31T20:37:08+00:00","dateModified":"2026-08-31T20:37:11+00:00","mainEntityOfPage":{"@id":"https:\/\/hayashi.center\/aletron\/otimizando-a-qualidade-do-ar-em-cozinhas-profissionais-tecnologia-eletrostatica-e-conformidade-normativa"},"wordCount":730,"publisher":{"@id":"https:\/\/hayashi.center\/aletron\/#organization"},"image":{"@id":"https:\/\/hayashi.center\/aletron\/otimizando-a-qualidade-do-ar-em-cozinhas-profissionais-tecnologia-eletrostatica-e-conformidade-normativa#primaryimage"},"thumbnailUrl":"https:\/\/hayashi.center\/aletron\/wp-content\/uploads\/2026\/08\/Grupo-de-chefs-de-cozinha.webp","articleSection":["Cozinha Profissional","Food Service"],"inLanguage":"pt-BR"},{"@type":"WebPage","@id":"https:\/\/hayashi.center\/aletron\/otimizando-a-qualidade-do-ar-em-cozinhas-profissionais-tecnologia-eletrostatica-e-conformidade-normativa","url":"https:\/\/hayashi.center\/aletron\/otimizando-a-qualidade-do-ar-em-cozinhas-profissionais-tecnologia-eletrostatica-e-conformidade-normativa","name":"Otimizando a Qualidade do Ar em Cozinhas Profissionais: Tecnologia Eletrost\u00e1tica e Conformidade Normativa | Aletron","isPartOf":{"@id":"https:\/\/hayashi.center\/aletron\/#website"},"primaryImageOfPage":{"@id":"https:\/\/hayashi.center\/aletron\/otimizando-a-qualidade-do-ar-em-cozinhas-profissionais-tecnologia-eletrostatica-e-conformidade-normativa#primaryimage"},"image":{"@id":"https:\/\/hayashi.center\/aletron\/otimizando-a-qualidade-do-ar-em-cozinhas-profissionais-tecnologia-eletrostatica-e-conformidade-normativa#primaryimage"},"thumbnailUrl":"https:\/\/hayashi.center\/aletron\/wp-content\/uploads\/2026\/08\/Grupo-de-chefs-de-cozinha.webp","datePublished":"2026-08-31T20:37:08+00:00","dateModified":"2026-08-31T20:37:11+00:00","breadcrumb":{"@id":"https:\/\/hayashi.center\/aletron\/otimizando-a-qualidade-do-ar-em-cozinhas-profissionais-tecnologia-eletrostatica-e-conformidade-normativa#breadcrumb"},"inLanguage":"pt-BR","potentialAction":[{"@type":"ReadAction","target":["https:\/\/hayashi.center\/aletron\/otimizando-a-qualidade-do-ar-em-cozinhas-profissionais-tecnologia-eletrostatica-e-conformidade-normativa"]}]},{"@type":"ImageObject","inLanguage":"pt-BR","@id":"https:\/\/hayashi.center\/aletron\/otimizando-a-qualidade-do-ar-em-cozinhas-profissionais-tecnologia-eletrostatica-e-conformidade-normativa#primaryimage","url":"https:\/\/hayashi.center\/aletron\/wp-content\/uploads\/2026\/08\/Grupo-de-chefs-de-cozinha.webp","contentUrl":"https:\/\/hayashi.center\/aletron\/wp-content\/uploads\/2026\/08\/Grupo-de-chefs-de-cozinha.webp","width":992,"height":692},{"@type":"BreadcrumbList","@id":"https:\/\/hayashi.center\/aletron\/otimizando-a-qualidade-do-ar-em-cozinhas-profissionais-tecnologia-eletrostatica-e-conformidade-normativa#breadcrumb","itemListElement":[{"@type":"ListItem","position":1,"name":"","item":"https:\/\/hayashi.center\/aletron\/"},{"@type":"ListItem","position":2,"name":"Otimizando a Qualidade do Ar em Cozinhas Profissionais: Tecnologia Eletrost\u00e1tica e Conformidade Normativa"}]},{"@type":"WebSite","@id":"https:\/\/hayashi.center\/aletron\/#website","url":"https:\/\/hayashi.center\/aletron\/","name":"Aletron","description":"Tecnologia de Exaust\u00e3o Climatiza\u00e7\u00e3o","publisher":{"@id":"https:\/\/hayashi.center\/aletron\/#organization"},"potentialAction":[{"@type":"SearchAction","target":{"@type":"EntryPoint","urlTemplate":"https:\/\/hayashi.center\/aletron\/?s={search_term_string}"},"query-input":{"@type":"PropertyValueSpecification","valueRequired":true,"valueName":"search_term_string"}}],"inLanguage":"pt-BR"},{"@type":"Organization","@id":"https:\/\/hayashi.center\/aletron\/#organization","name":"ArWek","url":"https:\/\/hayashi.center\/aletron\/","logo":{"@type":"ImageObject","inLanguage":"pt-BR","@id":"https:\/\/hayashi.center\/aletron\/#\/schema\/logo\/image\/","url":"https:\/\/hayashi.center\/aletron\/wp-content\/uploads\/2015\/07\/logo.png","contentUrl":"https:\/\/hayashi.center\/aletron\/wp-content\/uploads\/2015\/07\/logo.png","width":314,"height":72,"caption":"ArWek"},"image":{"@id":"https:\/\/hayashi.center\/aletron\/#\/schema\/logo\/image\/"},"sameAs":["https:\/\/www.facebook.com\/arwekcoifas","https:\/\/www.youtube.com\/channel\/UCWU0Eslcb6nHD2eynnMPIqQ"]},{"@type":"Person","@id":"https:\/\/hayashi.center\/aletron\/#\/schema\/person\/92acbaa22052f80a08f1082c3d9f1f62","name":"Marcos Gabler","image":{"@type":"ImageObject","inLanguage":"pt-BR","@id":"https:\/\/secure.gravatar.com\/avatar\/f10277e472d7e45259e221ca114fc75cce177a87ae812524f81db5c062686fc6?s=96&d=mm&r=g","url":"https:\/\/secure.gravatar.com\/avatar\/f10277e472d7e45259e221ca114fc75cce177a87ae812524f81db5c062686fc6?s=96&d=mm&r=g","contentUrl":"https:\/\/secure.gravatar.com\/avatar\/f10277e472d7e45259e221ca114fc75cce177a87ae812524f81db5c062686fc6?s=96&d=mm&r=g","caption":"Marcos Gabler"},"sameAs":["http:\/\/gabler.com.br"]}]}},"uagb_featured_image_src":{"full":["https:\/\/hayashi.center\/aletron\/wp-content\/uploads\/2026\/08\/Grupo-de-chefs-de-cozinha.webp",992,692,false],"thumbnail":["https:\/\/hayashi.center\/aletron\/wp-content\/uploads\/2026\/08\/Grupo-de-chefs-de-cozinha-150x150.webp",150,150,true],"medium":["https:\/\/hayashi.center\/aletron\/wp-content\/uploads\/2026\/08\/Grupo-de-chefs-de-cozinha-300x209.webp",300,209,true],"medium_large":["https:\/\/hayashi.center\/aletron\/wp-content\/uploads\/2026\/08\/Grupo-de-chefs-de-cozinha-768x536.webp",768,536,true],"large":["https:\/\/hayashi.center\/aletron\/wp-content\/uploads\/2026\/08\/Grupo-de-chefs-de-cozinha.webp",992,692,false],"1536x1536":["https:\/\/hayashi.center\/aletron\/wp-content\/uploads\/2026\/08\/Grupo-de-chefs-de-cozinha.webp",992,692,false],"2048x2048":["https:\/\/hayashi.center\/aletron\/wp-content\/uploads\/2026\/08\/Grupo-de-chefs-de-cozinha.webp",992,692,false],"ocean-thumb-m":["https:\/\/hayashi.center\/aletron\/wp-content\/uploads\/2026\/08\/Grupo-de-chefs-de-cozinha-600x600.webp",600,600,true],"ocean-thumb-ml":["https:\/\/hayashi.center\/aletron\/wp-content\/uploads\/2026\/08\/Grupo-de-chefs-de-cozinha-800x450.webp",800,450,true],"ocean-thumb-l":["https:\/\/hayashi.center\/aletron\/wp-content\/uploads\/2026\/08\/Grupo-de-chefs-de-cozinha.webp",992,692,false],"widget-thumbnail":["https:\/\/hayashi.center\/aletron\/wp-content\/uploads\/2026\/08\/Grupo-de-chefs-de-cozinha-75x75.webp",75,75,true],"menu-24x24":["https:\/\/hayashi.center\/aletron\/wp-content\/uploads\/2026\/08\/Grupo-de-chefs-de-cozinha-24x17.webp",24,17,true],"menu-36x36":["https:\/\/hayashi.center\/aletron\/wp-content\/uploads\/2026\/08\/Grupo-de-chefs-de-cozinha-36x25.webp",36,25,true],"menu-48x48":["https:\/\/hayashi.center\/aletron\/wp-content\/uploads\/2026\/08\/Grupo-de-chefs-de-cozinha-48x33.webp",48,33,true]},"uagb_author_info":{"display_name":"Marcos Gabler","author_link":"https:\/\/hayashi.center\/aletron\/author\/marcos-gabler"},"uagb_comment_info":0,"uagb_excerpt":"A gest\u00e3o da qualidade do ar em cozinhas comerciais e industriais \u00e9 um pilar fundamental para o sucesso operacional e a seguran\u00e7a de qualquer estabelecimento. Com a evolu\u00e7\u00e3o constante das demandas por ambientes mais limpos e seguros, a ado\u00e7\u00e3o de tecnologias avan\u00e7adas tornou-se indispens\u00e1vel. O sistema de insuflamento convencional e o uso de m\u00f3dulos ionizadores&hellip;","_links":{"self":[{"href":"https:\/\/hayashi.center\/aletron\/wp-json\/wp\/v2\/posts\/22304","targetHints":{"allow":["GET"]}}],"collection":[{"href":"https:\/\/hayashi.center\/aletron\/wp-json\/wp\/v2\/posts"}],"about":[{"href":"https:\/\/hayashi.center\/aletron\/wp-json\/wp\/v2\/types\/post"}],"author":[{"embeddable":true,"href":"https:\/\/hayashi.center\/aletron\/wp-json\/wp\/v2\/users\/9"}],"replies":[{"embeddable":true,"href":"https:\/\/hayashi.center\/aletron\/wp-json\/wp\/v2\/comments?post=22304"}],"version-history":[{"count":1,"href":"https:\/\/hayashi.center\/aletron\/wp-json\/wp\/v2\/posts\/22304\/revisions"}],"predecessor-version":[{"id":22306,"href":"https:\/\/hayashi.center\/aletron\/wp-json\/wp\/v2\/posts\/22304\/revisions\/22306"}],"wp:featuredmedia":[{"embeddable":true,"href":"https:\/\/hayashi.center\/aletron\/wp-json\/wp\/v2\/media\/22305"}],"wp:attachment":[{"href":"https:\/\/hayashi.center\/aletron\/wp-json\/wp\/v2\/media?parent=22304"}],"wp:term":[{"taxonomy":"category","embeddable":true,"href":"https:\/\/hayashi.center\/aletron\/wp-json\/wp\/v2\/categories?post=22304"},{"taxonomy":"post_tag","embeddable":true,"href":"https:\/\/hayashi.center\/aletron\/wp-json\/wp\/v2\/tags?post=22304"}],"curies":[{"name":"wp","href":"https:\/\/api.w.org\/{rel}","templated":true}]}}